{"id":3107,"date":"2024-07-05T09:53:59","date_gmt":"2024-07-05T07:53:59","guid":{"rendered":"https:\/\/www.barometreocupacions.cat\/?p=3107"},"modified":"2024-07-15T14:04:32","modified_gmt":"2024-07-15T12:04:32","slug":"el-barometro-de-la-uoc-y-pimec-constata-la-posicion-de-liderazgo-en-la-demanda-de-competencias-digitales-en-las-empresas-catalanas","status":"publish","type":"post","link":"https:\/\/www.barometreocupacions.cat\/es\/2024\/07\/05\/el-barometro-de-la-uoc-y-pimec-constata-la-posicion-de-liderazgo-en-la-demanda-de-competencias-digitales-en-las-empresas-catalanas\/","title":{"rendered":"El Bar\u00f3metro de la UOC y PIMEC constatan la posici\u00f3n de liderazgo de las empresas catalanas en digitalizaci\u00f3n a trav\u00e9s del an\u00e1lisis de las ofertas de trabajos de los \u00faltimos cinco a\u00f1os"},"content":{"rendered":"\n<p><em>Catalu\u00f1a, con un 27%, destaca por encima de la media estatal en competencias digitales avanzadas, seg\u00fan el an\u00e1lisis de las ofertas de trabajo de los \u00faltimos 5 a\u00f1os elaborado por el Bar\u00f3metro de competencias y empleos de la UOC y PIMEC.<br>Los conocimientos digitales en negocios y ventas, junto con la programaci\u00f3n, son las competencias digitales m\u00e1s solicitadas<\/em>.<\/p>\n\n\n\n<p>Las <strong>empresas catalanas<\/strong> se sit\u00faan por encima de la media del Estado espa\u00f1ol en lo que se refiere a la demanda de <strong>competencias digitales<\/strong> en sus ofertas de trabajo, as\u00ed se ha comprobado a trav\u00e9s de un nuevo estudio sobre el mercado de trabajo catal\u00e1n hecho por el <strong>equipo de investigaci\u00f3n de la Unidad de Prospecci\u00f3n y An\u00e1lisis Laboral de la UOC en colaboraci\u00f3n con PIMEC<\/strong> en el marco del proyecto com\u00fan Bar\u00f3metro de Competencias y Ocupaciones de Catalu\u00f1a. El Bar\u00f3metro se centra en el an\u00e1lisis de las tendencias ocupacionales, proporcionando cifras clave y datos esenciales a partir del contenido de las ofertas de trabajo publicadas en Catalu\u00f1a.<\/p>\n\n\n\n<p>El \u00faltimo estudio del bar\u00f3metro, presentado el 4 de julio, muestra cu\u00e1l es el alcance de la transformaci\u00f3n digital en la demanda de trabajo de las empresas catalanas a partir del <strong>an\u00e1lisis de las competencias solicitadas en las ofertas de trabajo de los \u00faltimos cinco a\u00f1os <\/strong>en Catalu\u00f1a. En concreto, se han analizado las ofertas publicadas por el tejido empresarial catal\u00e1n en el per\u00edodo comprendido entre julio de 2018 y junio de 2023.<\/p>\n\n\n\n<p>Para medir el <strong>alcance de la transformaci\u00f3n digital<\/strong>, los autores del estudio han desarrollado una taxonom\u00eda de competencias digitales basada en la clasificaci\u00f3n de <a href=\"https:\/\/esco.ec.europa.eu\/es\" target=\"_blank\" rel=\"noreferrer noopener\">ESCO <\/a>(European Skills, Competences, Qualifications and Occupations) y los trabajos de la OCDE, clasificando las competencias en digitales y no digitales, y dentro de las digitales, en avanzadas y no avanzadas. \u00c9ste ha sido uno de los retos m\u00e1s importantes del estudio.<\/p>\n\n\n\n<p><strong>Catalu\u00f1a, en posici\u00f3n de liderazgo en el marco del Estado espa\u00f1ol<\/strong><\/p>\n\n\n\n<p>Los resultados del estudio ofrecen una <strong>visi\u00f3n detallada de la digitalizaci\u00f3n en el mercado laboral catal\u00e1n <\/strong>que permitir\u00e1 a las empresas y profesionales <strong>adaptarse a los nuevos retos tecnol\u00f3gicos<\/strong>. El an\u00e1lisis que han realizado la UOC y PIMEC ha permitido comprobar que Catalu\u00f1a es la segunda comunidad aut\u00f3noma de Espa\u00f1a con mayor demanda de competencias digitales, s\u00f3lo por detr\u00e1s de la Comunidad de Madrid. Esto incluye tanto las competencias digitales b\u00e1sicas como las avanzadas asociadas a la industria 4.0. Seg\u00fan Carme Pag\u00e8s Serra, profesora e investigadora de los Estudios de Econom\u00eda y Empresa de la UOC, \u201cCatalunya destaca especialmente en la demanda de competencias digitales relacionadas con los <strong>negocios y ventas digitales<\/strong>, situ\u00e1ndose en un 17%, un 22% por encima de la media del estado\u201d.<\/p>\n\n\n\n<p><strong>Las competencias digitales m\u00e1s solicitadas<\/strong><\/p>\n\n\n\n<p>Las competencias m\u00e1s demandadas en Catalu\u00f1a est\u00e1n generalmente asociadas a las tecnolog\u00edas introducidas en la tercera revoluci\u00f3n industrial, como tener conocimientos inform\u00e1ticos b\u00e1sicos, utilizar Microsoft Office y dominar programas de ofim\u00e1tica. Sin embargo, <strong>dos competencias digitales avanzadas aparecen entre las diez m\u00e1s solicitadas<\/strong>: los conocimientos en programaci\u00f3n inform\u00e1tica (12,3%) y los sistemas TIC empresariales (11,4%). Los requisitos de alfabetizaci\u00f3n digitales dominan entre las ocupaciones de todos los sectores y ocupaciones, incluidos aquellos de car\u00e1cter m\u00e1s manual. Sin embargo, las competencias digitales avanzadas tienen una presencia todav\u00eda moderada entre los sectores no especializados en tecnolog\u00edas de la informaci\u00f3n y la comunicaci\u00f3n.<\/p>\n\n\n\n<p>S\u00edlvia Mir\u00f3, directora del \u00e1rea de trabajo de PIMEC, explica que \u201cla digitalizaci\u00f3n avanzada ha incidido especialmente en las ocupaciones TIC, pero su internalizaci\u00f3n en las ocupaciones del resto de sectores no propiamente digitales es todav\u00eda incipiente. S\u00f3lo un 25% de las ofertas de trabajo con competencias digitales proceden de sectores fuera del TIC\u201d.<\/p>\n\n\n\n<p><strong>Distribuci\u00f3n sectorial de la demanda de competencias digitales avanzadas<\/strong><\/p>\n\n\n\n<p>La <strong>demanda de competencias digitales avanzadas<\/strong> se concentra principalmente en los sectores de la informaci\u00f3n y la comunicaci\u00f3n. En estos sectores, casi 6 de cada 10 vacantes requieren de competencias digitales avanzadas. Fuera del sector TIC, la mayor demanda se encuentra en las actividades cient\u00edficas y t\u00e9cnicas (38,1%), el sector financiero (26%) y las actividades y servicios administrativos y de apoyo (22,4%).<\/p>\n\n\n\n<p><strong>Las necesidades de las MIPYMES<\/strong><\/p>\n\n\n\n<p>El estudio subraya la necesidad de continuar fomentando la formaci\u00f3n continua y la <strong>colaboraci\u00f3n entre entidades formativas y empresariales<\/strong> para mejorar el dominio de competencias digitales avanzadas en los sectores no especializados en tecnolog\u00edas de la informaci\u00f3n y la comunicaci\u00f3n para aprovechar las innovaciones recientes y facilitar la transici\u00f3n digital.<\/p>\n\n\n\n<p>Aparte del estudio sobre la demanda de competencias digitales a trav\u00e9s del an\u00e1lisis de las ofertas de trabajo publicadas online, la UOC y PIMEC han elaborado una <strong>encuesta de transformaci\u00f3n digital<\/strong> para \u201cconocer qu\u00e9 procesos de digitalizaci\u00f3n est\u00e1n llevando a cabo las PYMES catalanas\u201d, explica Miriam Dur\u00e1n, investigadora en la Unidad de Prospecci\u00f3n y An\u00e1lisis Laboral de la UOC. De esta forma se quiere conocer cu\u00e1les son sus necesidades formativas y de talento para el futuro. La encuesta est\u00e1 disponible online para las MIPYMES, <a href=\"https:\/\/uocuniwide.eu.qualtrics.com\/jfe\/form\/SV_bdWxHrHDhK4ldvo\" target=\"_blank\" rel=\"noreferrer noopener\">accesible en la web del Bar\u00f3metro<\/a>. Los resultados de la encuesta se publicar\u00e1n a finales de a\u00f1o.<\/p>\n\n\n\n<p><\/p>\n","protected":false},"excerpt":{"rendered":"<p>El tejido empresarial catal\u00e1n arrastra, desde hace a\u00f1os, las consecuencias del desajuste entre las competencias que demanda el sistema productivo y el nivel de calificaci\u00f3n de la poblaci\u00f3n activa.<\/p>\n","protected":false},"author":2,"featured_media":3112,"comment_status":"open","ping_status":"open","sticky":false,"template":"","format":"standard","meta":{"footnotes":""},"categories":[2],"tags":[],"class_list":["post-3107","post","type-post","status-publish","format-standard","has-post-thumbnail","hentry","category-noticias"],"yoast_head":"<!-- This site is optimized with the Yoast SEO plugin v25.4 - https:\/\/yoast.com\/wordpress\/plugins\/seo\/ -->\n<title>El Bar\u00f3metro de la UOC y PIMEC constatan la posici\u00f3n de liderazgo de las empresas catalanas en digitalizaci\u00f3n a trav\u00e9s del an\u00e1lisis de las ofertas de trabajos de los \u00faltimos cinco a\u00f1os - Bar\u00f2metre de compet\u00e8ncies i ocupacions de Catalunya<\/title>\n<meta name=\"robots\" content=\"index, follow, max-snippet:-1, max-image-preview:large, max-video-preview:-1\" \/>\n<link rel=\"canonical\" href=\"https:\/\/www.barometreocupacions.cat\/es\/2024\/07\/05\/el-barometro-de-la-uoc-y-pimec-constata-la-posicion-de-liderazgo-en-la-demanda-de-competencias-digitales-en-las-empresas-catalanas\/\" \/>\n<meta property=\"og:locale\" content=\"es_ES\" \/>\n<meta property=\"og:type\" content=\"article\" \/>\n<meta property=\"og:title\" content=\"El Bar\u00f3metro de la UOC y PIMEC constatan la posici\u00f3n de liderazgo de las empresas catalanas en digitalizaci\u00f3n a trav\u00e9s del an\u00e1lisis de las ofertas de trabajos de los \u00faltimos cinco a\u00f1os - Bar\u00f2metre de compet\u00e8ncies i ocupacions de Catalunya\" \/>\n<meta property=\"og:description\" content=\"El tejido empresarial catal\u00e1n arrastra, desde hace a\u00f1os, las consecuencias del desajuste entre las competencias que demanda el sistema productivo y el nivel de calificaci\u00f3n de la poblaci\u00f3n activa.\" \/>\n<meta property=\"og:url\" content=\"https:\/\/www.barometreocupacions.cat\/es\/2024\/07\/05\/el-barometro-de-la-uoc-y-pimec-constata-la-posicion-de-liderazgo-en-la-demanda-de-competencias-digitales-en-las-empresas-catalanas\/\" \/>\n<meta property=\"og:site_name\" content=\"Bar\u00f2metre de compet\u00e8ncies i ocupacions de Catalunya\" \/>\n<meta property=\"article:published_time\" content=\"2024-07-05T07:53:59+00:00\" \/>\n<meta property=\"article:modified_time\" content=\"2024-07-15T12:04:32+00:00\" \/>\n<meta property=\"og:image\" content=\"https:\/\/www.barometreocupacions.cat\/wp-content\/uploads\/2024\/07\/lideratge.jpg\" \/>\n\t<meta property=\"og:image:width\" content=\"1200\" \/>\n\t<meta property=\"og:image:height\" content=\"571\" \/>\n\t<meta property=\"og:image:type\" content=\"image\/jpeg\" \/>\n<meta name=\"author\" content=\"Eva\" \/>\n<meta name=\"twitter:card\" content=\"summary_large_image\" \/>\n<meta name=\"twitter:label1\" content=\"Escrito por\" \/>\n\t<meta name=\"twitter:data1\" content=\"Eva\" \/>\n\t<meta name=\"twitter:label2\" content=\"Tiempo de lectura\" \/>\n\t<meta name=\"twitter:data2\" content=\"5 minutos\" \/>\n<script type=\"application\/ld+json\" class=\"yoast-schema-graph\">{\"@context\":\"https:\/\/schema.org\",\"@graph\":[{\"@type\":\"Article\",\"@id\":\"https:\/\/www.barometreocupacions.cat\/es\/2024\/07\/05\/el-barometro-de-la-uoc-y-pimec-constata-la-posicion-de-liderazgo-en-la-demanda-de-competencias-digitales-en-las-empresas-catalanas\/#article\",\"isPartOf\":{\"@id\":\"https:\/\/www.barometreocupacions.cat\/es\/2024\/07\/05\/el-barometro-de-la-uoc-y-pimec-constata-la-posicion-de-liderazgo-en-la-demanda-de-competencias-digitales-en-las-empresas-catalanas\/\"},\"author\":{\"name\":\"Eva\",\"@id\":\"https:\/\/www.barometreocupacions.cat\/es\/#\/schema\/person\/50250dc21370c477504e71f57dd10dc4\"},\"headline\":\"El Bar\u00f3metro de la UOC y PIMEC constatan la posici\u00f3n de liderazgo de las empresas catalanas en digitalizaci\u00f3n a trav\u00e9s del an\u00e1lisis de las ofertas de trabajos de los \u00faltimos cinco a\u00f1os\",\"datePublished\":\"2024-07-05T07:53:59+00:00\",\"dateModified\":\"2024-07-15T12:04:32+00:00\",\"mainEntityOfPage\":{\"@id\":\"https:\/\/www.barometreocupacions.cat\/es\/2024\/07\/05\/el-barometro-de-la-uoc-y-pimec-constata-la-posicion-de-liderazgo-en-la-demanda-de-competencias-digitales-en-las-empresas-catalanas\/\"},\"wordCount\":947,\"commentCount\":0,\"publisher\":{\"@id\":\"https:\/\/www.barometreocupacions.cat\/es\/#organization\"},\"image\":{\"@id\":\"https:\/\/www.barometreocupacions.cat\/es\/2024\/07\/05\/el-barometro-de-la-uoc-y-pimec-constata-la-posicion-de-liderazgo-en-la-demanda-de-competencias-digitales-en-las-empresas-catalanas\/#primaryimage\"},\"thumbnailUrl\":\"https:\/\/www.barometreocupacions.cat\/wp-content\/uploads\/2024\/07\/lideratge.jpg\",\"articleSection\":[\"Noticias\"],\"inLanguage\":\"es\",\"potentialAction\":[{\"@type\":\"CommentAction\",\"name\":\"Comment\",\"target\":[\"https:\/\/www.barometreocupacions.cat\/es\/2024\/07\/05\/el-barometro-de-la-uoc-y-pimec-constata-la-posicion-de-liderazgo-en-la-demanda-de-competencias-digitales-en-las-empresas-catalanas\/#respond\"]}]},{\"@type\":\"WebPage\",\"@id\":\"https:\/\/www.barometreocupacions.cat\/es\/2024\/07\/05\/el-barometro-de-la-uoc-y-pimec-constata-la-posicion-de-liderazgo-en-la-demanda-de-competencias-digitales-en-las-empresas-catalanas\/\",\"url\":\"https:\/\/www.barometreocupacions.cat\/es\/2024\/07\/05\/el-barometro-de-la-uoc-y-pimec-constata-la-posicion-de-liderazgo-en-la-demanda-de-competencias-digitales-en-las-empresas-catalanas\/\",\"name\":\"El Bar\u00f3metro de la UOC y PIMEC constatan la posici\u00f3n de liderazgo de las empresas catalanas en digitalizaci\u00f3n a trav\u00e9s del an\u00e1lisis de las ofertas de trabajos de los \u00faltimos cinco a\u00f1os - Bar\u00f2metre de compet\u00e8ncies i ocupacions de Catalunya\",\"isPartOf\":{\"@id\":\"https:\/\/www.barometreocupacions.cat\/es\/#website\"},\"primaryImageOfPage\":{\"@id\":\"https:\/\/www.barometreocupacions.cat\/es\/2024\/07\/05\/el-barometro-de-la-uoc-y-pimec-constata-la-posicion-de-liderazgo-en-la-demanda-de-competencias-digitales-en-las-empresas-catalanas\/#primaryimage\"},\"image\":{\"@id\":\"https:\/\/www.barometreocupacions.cat\/es\/2024\/07\/05\/el-barometro-de-la-uoc-y-pimec-constata-la-posicion-de-liderazgo-en-la-demanda-de-competencias-digitales-en-las-empresas-catalanas\/#primaryimage\"},\"thumbnailUrl\":\"https:\/\/www.barometreocupacions.cat\/wp-content\/uploads\/2024\/07\/lideratge.jpg\",\"datePublished\":\"2024-07-05T07:53:59+00:00\",\"dateModified\":\"2024-07-15T12:04:32+00:00\",\"breadcrumb\":{\"@id\":\"https:\/\/www.barometreocupacions.cat\/es\/2024\/07\/05\/el-barometro-de-la-uoc-y-pimec-constata-la-posicion-de-liderazgo-en-la-demanda-de-competencias-digitales-en-las-empresas-catalanas\/#breadcrumb\"},\"inLanguage\":\"es\",\"potentialAction\":[{\"@type\":\"ReadAction\",\"target\":[\"https:\/\/www.barometreocupacions.cat\/es\/2024\/07\/05\/el-barometro-de-la-uoc-y-pimec-constata-la-posicion-de-liderazgo-en-la-demanda-de-competencias-digitales-en-las-empresas-catalanas\/\"]}]},{\"@type\":\"ImageObject\",\"inLanguage\":\"es\",\"@id\":\"https:\/\/www.barometreocupacions.cat\/es\/2024\/07\/05\/el-barometro-de-la-uoc-y-pimec-constata-la-posicion-de-liderazgo-en-la-demanda-de-competencias-digitales-en-las-empresas-catalanas\/#primaryimage\",\"url\":\"https:\/\/www.barometreocupacions.cat\/wp-content\/uploads\/2024\/07\/lideratge.jpg\",\"contentUrl\":\"https:\/\/www.barometreocupacions.cat\/wp-content\/uploads\/2024\/07\/lideratge.jpg\",\"width\":1200,\"height\":571},{\"@type\":\"BreadcrumbList\",\"@id\":\"https:\/\/www.barometreocupacions.cat\/es\/2024\/07\/05\/el-barometro-de-la-uoc-y-pimec-constata-la-posicion-de-liderazgo-en-la-demanda-de-competencias-digitales-en-las-empresas-catalanas\/#breadcrumb\",\"itemListElement\":[{\"@type\":\"ListItem\",\"position\":1,\"name\":\"Inici\",\"item\":\"https:\/\/www.barometreocupacions.cat\/es\/\"},{\"@type\":\"ListItem\",\"position\":2,\"name\":\"El Bar\u00f3metro de la UOC y PIMEC constatan la posici\u00f3n de liderazgo de las empresas catalanas en digitalizaci\u00f3n a trav\u00e9s del an\u00e1lisis de las ofertas de trabajos de los \u00faltimos cinco a\u00f1os\"}]},{\"@type\":\"WebSite\",\"@id\":\"https:\/\/www.barometreocupacions.cat\/es\/#website\",\"url\":\"https:\/\/www.barometreocupacions.cat\/es\/\",\"name\":\"Bar\u00f2metre de compet\u00e8ncies i ocupacions de Catalunya\",\"description\":\"\",\"publisher\":{\"@id\":\"https:\/\/www.barometreocupacions.cat\/es\/#organization\"},\"potentialAction\":[{\"@type\":\"SearchAction\",\"target\":{\"@type\":\"EntryPoint\",\"urlTemplate\":\"https:\/\/www.barometreocupacions.cat\/es\/?s={search_term_string}\"},\"query-input\":{\"@type\":\"PropertyValueSpecification\",\"valueRequired\":true,\"valueName\":\"search_term_string\"}}],\"inLanguage\":\"es\"},{\"@type\":\"Organization\",\"@id\":\"https:\/\/www.barometreocupacions.cat\/es\/#organization\",\"name\":\"Bar\u00f2metre de compet\u00e8ncies i ocupacions de Catalunya\",\"url\":\"https:\/\/www.barometreocupacions.cat\/es\/\",\"logo\":{\"@type\":\"ImageObject\",\"inLanguage\":\"es\",\"@id\":\"https:\/\/www.barometreocupacions.cat\/es\/#\/schema\/logo\/image\/\",\"url\":\"https:\/\/www.barometreocupacions.cat\/wp-content\/uploads\/2024\/02\/logo.png\",\"contentUrl\":\"https:\/\/www.barometreocupacions.cat\/wp-content\/uploads\/2024\/02\/logo.png\",\"width\":504,\"height\":435,\"caption\":\"Bar\u00f2metre de compet\u00e8ncies i ocupacions de Catalunya\"},\"image\":{\"@id\":\"https:\/\/www.barometreocupacions.cat\/es\/#\/schema\/logo\/image\/\"}},{\"@type\":\"Person\",\"@id\":\"https:\/\/www.barometreocupacions.cat\/es\/#\/schema\/person\/50250dc21370c477504e71f57dd10dc4\",\"name\":\"Eva\",\"image\":{\"@type\":\"ImageObject\",\"inLanguage\":\"es\",\"@id\":\"https:\/\/www.barometreocupacions.cat\/es\/#\/schema\/person\/image\/\",\"url\":\"https:\/\/secure.gravatar.com\/avatar\/4b51b2321cbc399db9686be479c229384c4170b69a4628de5667e2b7ea6c1951?s=96&d=mm&r=g\",\"contentUrl\":\"https:\/\/secure.gravatar.com\/avatar\/4b51b2321cbc399db9686be479c229384c4170b69a4628de5667e2b7ea6c1951?s=96&d=mm&r=g\",\"caption\":\"Eva\"},\"url\":\"https:\/\/www.barometreocupacions.cat\/es\/author\/eva\/\"}]}<\/script>\n<!-- \/ Yoast SEO plugin. -->","yoast_head_json":{"title":"El Bar\u00f3metro de la UOC y PIMEC constatan la posici\u00f3n de liderazgo de las empresas catalanas en digitalizaci\u00f3n a trav\u00e9s del an\u00e1lisis de las ofertas de trabajos de los \u00faltimos cinco a\u00f1os - Bar\u00f2metre de compet\u00e8ncies i ocupacions de Catalunya","robots":{"index":"index","follow":"follow","max-snippet":"max-snippet:-1","max-image-preview":"max-image-preview:large","max-video-preview":"max-video-preview:-1"},"canonical":"https:\/\/www.barometreocupacions.cat\/es\/2024\/07\/05\/el-barometro-de-la-uoc-y-pimec-constata-la-posicion-de-liderazgo-en-la-demanda-de-competencias-digitales-en-las-empresas-catalanas\/","og_locale":"es_ES","og_type":"article","og_title":"El Bar\u00f3metro de la UOC y PIMEC constatan la posici\u00f3n de liderazgo de las empresas catalanas en digitalizaci\u00f3n a trav\u00e9s del an\u00e1lisis de las ofertas de trabajos de los \u00faltimos cinco a\u00f1os - Bar\u00f2metre de compet\u00e8ncies i ocupacions de Catalunya","og_description":"El tejido empresarial catal\u00e1n arrastra, desde hace a\u00f1os, las consecuencias del desajuste entre las competencias que demanda el sistema productivo y el nivel de calificaci\u00f3n de la poblaci\u00f3n activa.","og_url":"https:\/\/www.barometreocupacions.cat\/es\/2024\/07\/05\/el-barometro-de-la-uoc-y-pimec-constata-la-posicion-de-liderazgo-en-la-demanda-de-competencias-digitales-en-las-empresas-catalanas\/","og_site_name":"Bar\u00f2metre de compet\u00e8ncies i ocupacions de Catalunya","article_published_time":"2024-07-05T07:53:59+00:00","article_modified_time":"2024-07-15T12:04:32+00:00","og_image":[{"width":1200,"height":571,"url":"https:\/\/www.barometreocupacions.cat\/wp-content\/uploads\/2024\/07\/lideratge.jpg","type":"image\/jpeg"}],"author":"Eva","twitter_card":"summary_large_image","twitter_misc":{"Escrito por":"Eva","Tiempo de lectura":"5 minutos"},"schema":{"@context":"https:\/\/schema.org","@graph":[{"@type":"Article","@id":"https:\/\/www.barometreocupacions.cat\/es\/2024\/07\/05\/el-barometro-de-la-uoc-y-pimec-constata-la-posicion-de-liderazgo-en-la-demanda-de-competencias-digitales-en-las-empresas-catalanas\/#article","isPartOf":{"@id":"https:\/\/www.barometreocupacions.cat\/es\/2024\/07\/05\/el-barometro-de-la-uoc-y-pimec-constata-la-posicion-de-liderazgo-en-la-demanda-de-competencias-digitales-en-las-empresas-catalanas\/"},"author":{"name":"Eva","@id":"https:\/\/www.barometreocupacions.cat\/es\/#\/schema\/person\/50250dc21370c477504e71f57dd10dc4"},"headline":"El Bar\u00f3metro de la UOC y PIMEC constatan la posici\u00f3n de liderazgo de las empresas catalanas en digitalizaci\u00f3n a trav\u00e9s del an\u00e1lisis de las ofertas de trabajos de los \u00faltimos cinco a\u00f1os","datePublished":"2024-07-05T07:53:59+00:00","dateModified":"2024-07-15T12:04:32+00:00","mainEntityOfPage":{"@id":"https:\/\/www.barometreocupacions.cat\/es\/2024\/07\/05\/el-barometro-de-la-uoc-y-pimec-constata-la-posicion-de-liderazgo-en-la-demanda-de-competencias-digitales-en-las-empresas-catalanas\/"},"wordCount":947,"commentCount":0,"publisher":{"@id":"https:\/\/www.barometreocupacions.cat\/es\/#organization"},"image":{"@id":"https:\/\/www.barometreocupacions.cat\/es\/2024\/07\/05\/el-barometro-de-la-uoc-y-pimec-constata-la-posicion-de-liderazgo-en-la-demanda-de-competencias-digitales-en-las-empresas-catalanas\/#primaryimage"},"thumbnailUrl":"https:\/\/www.barometreocupacions.cat\/wp-content\/uploads\/2024\/07\/lideratge.jpg","articleSection":["Noticias"],"inLanguage":"es","potentialAction":[{"@type":"CommentAction","name":"Comment","target":["https:\/\/www.barometreocupacions.cat\/es\/2024\/07\/05\/el-barometro-de-la-uoc-y-pimec-constata-la-posicion-de-liderazgo-en-la-demanda-de-competencias-digitales-en-las-empresas-catalanas\/#respond"]}]},{"@type":"WebPage","@id":"https:\/\/www.barometreocupacions.cat\/es\/2024\/07\/05\/el-barometro-de-la-uoc-y-pimec-constata-la-posicion-de-liderazgo-en-la-demanda-de-competencias-digitales-en-las-empresas-catalanas\/","url":"https:\/\/www.barometreocupacions.cat\/es\/2024\/07\/05\/el-barometro-de-la-uoc-y-pimec-constata-la-posicion-de-liderazgo-en-la-demanda-de-competencias-digitales-en-las-empresas-catalanas\/","name":"El Bar\u00f3metro de la UOC y PIMEC constatan la posici\u00f3n de liderazgo de las empresas catalanas en digitalizaci\u00f3n a trav\u00e9s del an\u00e1lisis de las ofertas de trabajos de los \u00faltimos cinco a\u00f1os - Bar\u00f2metre de compet\u00e8ncies i ocupacions de Catalunya","isPartOf":{"@id":"https:\/\/www.barometreocupacions.cat\/es\/#website"},"primaryImageOfPage":{"@id":"https:\/\/www.barometreocupacions.cat\/es\/2024\/07\/05\/el-barometro-de-la-uoc-y-pimec-constata-la-posicion-de-liderazgo-en-la-demanda-de-competencias-digitales-en-las-empresas-catalanas\/#primaryimage"},"image":{"@id":"https:\/\/www.barometreocupacions.cat\/es\/2024\/07\/05\/el-barometro-de-la-uoc-y-pimec-constata-la-posicion-de-liderazgo-en-la-demanda-de-competencias-digitales-en-las-empresas-catalanas\/#primaryimage"},"thumbnailUrl":"https:\/\/www.barometreocupacions.cat\/wp-content\/uploads\/2024\/07\/lideratge.jpg","datePublished":"2024-07-05T07:53:59+00:00","dateModified":"2024-07-15T12:04:32+00:00","breadcrumb":{"@id":"https:\/\/www.barometreocupacions.cat\/es\/2024\/07\/05\/el-barometro-de-la-uoc-y-pimec-constata-la-posicion-de-liderazgo-en-la-demanda-de-competencias-digitales-en-las-empresas-catalanas\/#breadcrumb"},"inLanguage":"es","potentialAction":[{"@type":"ReadAction","target":["https:\/\/www.barometreocupacions.cat\/es\/2024\/07\/05\/el-barometro-de-la-uoc-y-pimec-constata-la-posicion-de-liderazgo-en-la-demanda-de-competencias-digitales-en-las-empresas-catalanas\/"]}]},{"@type":"ImageObject","inLanguage":"es","@id":"https:\/\/www.barometreocupacions.cat\/es\/2024\/07\/05\/el-barometro-de-la-uoc-y-pimec-constata-la-posicion-de-liderazgo-en-la-demanda-de-competencias-digitales-en-las-empresas-catalanas\/#primaryimage","url":"https:\/\/www.barometreocupacions.cat\/wp-content\/uploads\/2024\/07\/lideratge.jpg","contentUrl":"https:\/\/www.barometreocupacions.cat\/wp-content\/uploads\/2024\/07\/lideratge.jpg","width":1200,"height":571},{"@type":"BreadcrumbList","@id":"https:\/\/www.barometreocupacions.cat\/es\/2024\/07\/05\/el-barometro-de-la-uoc-y-pimec-constata-la-posicion-de-liderazgo-en-la-demanda-de-competencias-digitales-en-las-empresas-catalanas\/#breadcrumb","itemListElement":[{"@type":"ListItem","position":1,"name":"Inici","item":"https:\/\/www.barometreocupacions.cat\/es\/"},{"@type":"ListItem","position":2,"name":"El Bar\u00f3metro de la UOC y PIMEC constatan la posici\u00f3n de liderazgo de las empresas catalanas en digitalizaci\u00f3n a trav\u00e9s del an\u00e1lisis de las ofertas de trabajos de los \u00faltimos cinco a\u00f1os"}]},{"@type":"WebSite","@id":"https:\/\/www.barometreocupacions.cat\/es\/#website","url":"https:\/\/www.barometreocupacions.cat\/es\/","name":"Bar\u00f2metre de compet\u00e8ncies i ocupacions de Catalunya","description":"","publisher":{"@id":"https:\/\/www.barometreocupacions.cat\/es\/#organization"},"potentialAction":[{"@type":"SearchAction","target":{"@type":"EntryPoint","urlTemplate":"https:\/\/www.barometreocupacions.cat\/es\/?s={search_term_string}"},"query-input":{"@type":"PropertyValueSpecification","valueRequired":true,"valueName":"search_term_string"}}],"inLanguage":"es"},{"@type":"Organization","@id":"https:\/\/www.barometreocupacions.cat\/es\/#organization","name":"Bar\u00f2metre de compet\u00e8ncies i ocupacions de Catalunya","url":"https:\/\/www.barometreocupacions.cat\/es\/","logo":{"@type":"ImageObject","inLanguage":"es","@id":"https:\/\/www.barometreocupacions.cat\/es\/#\/schema\/logo\/image\/","url":"https:\/\/www.barometreocupacions.cat\/wp-content\/uploads\/2024\/02\/logo.png","contentUrl":"https:\/\/www.barometreocupacions.cat\/wp-content\/uploads\/2024\/02\/logo.png","width":504,"height":435,"caption":"Bar\u00f2metre de compet\u00e8ncies i ocupacions de Catalunya"},"image":{"@id":"https:\/\/www.barometreocupacions.cat\/es\/#\/schema\/logo\/image\/"}},{"@type":"Person","@id":"https:\/\/www.barometreocupacions.cat\/es\/#\/schema\/person\/50250dc21370c477504e71f57dd10dc4","name":"Eva","image":{"@type":"ImageObject","inLanguage":"es","@id":"https:\/\/www.barometreocupacions.cat\/es\/#\/schema\/person\/image\/","url":"https:\/\/secure.gravatar.com\/avatar\/4b51b2321cbc399db9686be479c229384c4170b69a4628de5667e2b7ea6c1951?s=96&d=mm&r=g","contentUrl":"https:\/\/secure.gravatar.com\/avatar\/4b51b2321cbc399db9686be479c229384c4170b69a4628de5667e2b7ea6c1951?s=96&d=mm&r=g","caption":"Eva"},"url":"https:\/\/www.barometreocupacions.cat\/es\/author\/eva\/"}]}},"_links":{"self":[{"href":"https:\/\/www.barometreocupacions.cat\/es\/wp-json\/wp\/v2\/posts\/3107","targetHints":{"allow":["GET"]}}],"collection":[{"href":"https:\/\/www.barometreocupacions.cat\/es\/wp-json\/wp\/v2\/posts"}],"about":[{"href":"https:\/\/www.barometreocupacions.cat\/es\/wp-json\/wp\/v2\/types\/post"}],"author":[{"embeddable":true,"href":"https:\/\/www.barometreocupacions.cat\/es\/wp-json\/wp\/v2\/users\/2"}],"replies":[{"embeddable":true,"href":"https:\/\/www.barometreocupacions.cat\/es\/wp-json\/wp\/v2\/comments?post=3107"}],"version-history":[{"count":4,"href":"https:\/\/www.barometreocupacions.cat\/es\/wp-json\/wp\/v2\/posts\/3107\/revisions"}],"predecessor-version":[{"id":3319,"href":"https:\/\/www.barometreocupacions.cat\/es\/wp-json\/wp\/v2\/posts\/3107\/revisions\/3319"}],"wp:featuredmedia":[{"embeddable":true,"href":"https:\/\/www.barometreocupacions.cat\/es\/wp-json\/wp\/v2\/media\/3112"}],"wp:attachment":[{"href":"https:\/\/www.barometreocupacions.cat\/es\/wp-json\/wp\/v2\/media?parent=3107"}],"wp:term":[{"taxonomy":"category","embeddable":true,"href":"https:\/\/www.barometreocupacions.cat\/es\/wp-json\/wp\/v2\/categories?post=3107"},{"taxonomy":"post_tag","embeddable":true,"href":"https:\/\/www.barometreocupacions.cat\/es\/wp-json\/wp\/v2\/tags?post=3107"}],"curies":[{"name":"wp","href":"https:\/\/api.w.org\/{rel}","templated":true}]}}